{"id":8894,"date":"2025-06-12T09:22:18","date_gmt":"2025-06-12T07:22:18","guid":{"rendered":"https:\/\/www.waterjetsweden.com\/sv\/?p=8894"},"modified":"2025-06-12T11:44:25","modified_gmt":"2025-06-12T09:44:25","slug":"save-the-date","status":"publish","type":"post","link":"https:\/\/www.waterjetsweden.com\/sv\/nyheter\/save-the-date","title":{"rendered":"Save the date!"},"content":{"rendered":"<p>Den <strong>21\u201324 oktober 2025<\/strong> i Stuttgart h\u00e5lls \u00e5rets internationella fackm\u00e4ssa f\u00f6r metallbearbetning &#8211; Water Jet Sweden kommer vara mitt i h\u00e4ndelsernas centrum.<\/p>\n<p>Vi presenterar nya produkter och funktioner som hj\u00e4lper till att g\u00f6ra din sk\u00e4rprocess \u00e4nnu effektivare.<\/p>\n<p>Markera redan nu i kalendern \u2013 vi h\u00e5ller dig uppdaterad!<br \/>\n<strong>Vi ses p\u00e5 Blechexpo!<\/strong><\/p>\n","protected":false},"excerpt":{"rendered":"<p>Den 21\u201324 oktober 2025 i Stuttgart h\u00e5lls \u00e5rets internationella fackm\u00e4ssa f\u00f6r metallbearbetning &#8211; Water Jet Sweden kommer vara mitt i h\u00e4ndelsernas centrum. Vi presenterar nya produkter och funktioner som hj\u00e4lper till att g\u00f6ra din sk\u00e4rprocess \u00e4nnu effektivare. Markera redan nu i kalendern \u2013 vi h\u00e5ller dig uppdaterad! Vi ses p\u00e5 Blechexpo!<\/p>\n","protected":false},"author":6,"featured_media":0,"comment_status":"open","ping_status":"open","sticky":false,"template":"","format":"standard","meta":[],"categories":[1],"tags":[],"acf":[],"yoast_head":"<!-- This site is optimized with the Yoast SEO plugin v19.13 - https:\/\/yoast.com\/wordpress\/plugins\/seo\/ -->\n<title>Save the date! - Water Jet Sweden - Sverige<\/title>\n<meta name=\"robots\" content=\"index, follow, max-snippet:-1, max-image-preview:large, max-video-preview:-1\" \/>\n<link rel=\"canonical\" href=\"https:\/\/www.waterjetsweden.com\/sv\/nyheter\/save-the-date\" \/>\n<meta property=\"og:locale\" content=\"sv_SE\" \/>\n<meta property=\"og:type\" content=\"article\" \/>\n<meta property=\"og:title\" content=\"Save the date! - Water Jet Sweden - Sverige\" \/>\n<meta property=\"og:description\" content=\"Den 21\u201324 oktober 2025 i Stuttgart h\u00e5lls \u00e5rets internationella fackm\u00e4ssa f\u00f6r metallbearbetning &#8211; Water Jet Sweden kommer vara mitt i h\u00e4ndelsernas centrum. Vi presenterar nya produkter och funktioner som hj\u00e4lper till att g\u00f6ra din sk\u00e4rprocess \u00e4nnu effektivare. Markera redan nu i kalendern \u2013 vi h\u00e5ller dig uppdaterad! Vi ses p\u00e5 Blechexpo!\" \/>\n<meta property=\"og:url\" content=\"https:\/\/www.waterjetsweden.com\/sv\/nyheter\/save-the-date\" \/>\n<meta property=\"og:site_name\" content=\"Water Jet Sweden - Sverige\" \/>\n<meta property=\"article:published_time\" content=\"2025-06-12T07:22:18+00:00\" \/>\n<meta property=\"article:modified_time\" content=\"2025-06-12T09:44:25+00:00\" \/>\n<meta name=\"author\" content=\"andreas\" \/>\n<meta name=\"twitter:card\" content=\"summary_large_image\" \/>\n<meta name=\"twitter:label1\" content=\"Skriven av\" \/>\n\t<meta name=\"twitter:data1\" content=\"andreas\" \/>\n\t<meta name=\"twitter:label2\" content=\"Ber\u00e4knad l\u00e4stid\" \/>\n\t<meta name=\"twitter:data2\" content=\"1 minut\" \/>\n<script type=\"application\/ld+json\" class=\"yoast-schema-graph\">{\"@context\":\"https:\/\/schema.org\",\"@graph\":[{\"@type\":\"WebPage\",\"@id\":\"https:\/\/www.waterjetsweden.com\/sv\/nyheter\/save-the-date\",\"url\":\"https:\/\/www.waterjetsweden.com\/sv\/nyheter\/save-the-date\",\"name\":\"Save the date! - Water Jet Sweden - Sverige\",\"isPartOf\":{\"@id\":\"https:\/\/www.waterjetsweden.com\/sv\/#website\"},\"datePublished\":\"2025-06-12T07:22:18+00:00\",\"dateModified\":\"2025-06-12T09:44:25+00:00\",\"author\":{\"@id\":\"https:\/\/www.waterjetsweden.com\/sv\/#\/schema\/person\/6e1d27c9cb2842a3251dce274ca419bc\"},\"breadcrumb\":{\"@id\":\"https:\/\/www.waterjetsweden.com\/sv\/nyheter\/save-the-date#breadcrumb\"},\"inLanguage\":\"sv-SE\",\"potentialAction\":[{\"@type\":\"ReadAction\",\"target\":[\"https:\/\/www.waterjetsweden.com\/sv\/nyheter\/save-the-date\"]}]},{\"@type\":\"BreadcrumbList\",\"@id\":\"https:\/\/www.waterjetsweden.com\/sv\/nyheter\/save-the-date#breadcrumb\",\"itemListElement\":[{\"@type\":\"ListItem\",\"position\":1,\"name\":\"Home\",\"item\":\"https:\/\/www.waterjetsweden.com\/sv\/\"},{\"@type\":\"ListItem\",\"position\":2,\"name\":\"Save the date!\"}]},{\"@type\":\"WebSite\",\"@id\":\"https:\/\/www.waterjetsweden.com\/sv\/#website\",\"url\":\"https:\/\/www.waterjetsweden.com\/sv\/\",\"name\":\"Water Jet Sweden - Sverige\",\"description\":\"\",\"potentialAction\":[{\"@type\":\"SearchAction\",\"target\":{\"@type\":\"EntryPoint\",\"urlTemplate\":\"https:\/\/www.waterjetsweden.com\/sv\/?s={search_term_string}\"},\"query-input\":\"required name=search_term_string\"}],\"inLanguage\":\"sv-SE\"},{\"@type\":\"Person\",\"@id\":\"https:\/\/www.waterjetsweden.com\/sv\/#\/schema\/person\/6e1d27c9cb2842a3251dce274ca419bc\",\"name\":\"andreas\",\"image\":{\"@type\":\"ImageObject\",\"inLanguage\":\"sv-SE\",\"@id\":\"https:\/\/www.waterjetsweden.com\/sv\/#\/schema\/person\/image\/\",\"url\":\"https:\/\/secure.gravatar.com\/avatar\/0500fbe71bab4be74f74393b89548a2e?s=96&d=mm&r=g\",\"contentUrl\":\"https:\/\/secure.gravatar.com\/avatar\/0500fbe71bab4be74f74393b89548a2e?s=96&d=mm&r=g\",\"caption\":\"andreas\"}}]}<\/script>\n<!-- \/ Yoast SEO plugin. -->","yoast_head_json":{"title":"Save the date! - Water Jet Sweden - Sverige","robots":{"index":"index","follow":"follow","max-snippet":"max-snippet:-1","max-image-preview":"max-image-preview:large","max-video-preview":"max-video-preview:-1"},"canonical":"https:\/\/www.waterjetsweden.com\/sv\/nyheter\/save-the-date","og_locale":"sv_SE","og_type":"article","og_title":"Save the date! - Water Jet Sweden - Sverige","og_description":"Den 21\u201324 oktober 2025 i Stuttgart h\u00e5lls \u00e5rets internationella fackm\u00e4ssa f\u00f6r metallbearbetning &#8211; Water Jet Sweden kommer vara mitt i h\u00e4ndelsernas centrum. Vi presenterar nya produkter och funktioner som hj\u00e4lper till att g\u00f6ra din sk\u00e4rprocess \u00e4nnu effektivare. Markera redan nu i kalendern \u2013 vi h\u00e5ller dig uppdaterad! Vi ses p\u00e5 Blechexpo!","og_url":"https:\/\/www.waterjetsweden.com\/sv\/nyheter\/save-the-date","og_site_name":"Water Jet Sweden - Sverige","article_published_time":"2025-06-12T07:22:18+00:00","article_modified_time":"2025-06-12T09:44:25+00:00","author":"andreas","twitter_card":"summary_large_image","twitter_misc":{"Skriven av":"andreas","Ber\u00e4knad l\u00e4stid":"1 minut"},"schema":{"@context":"https:\/\/schema.org","@graph":[{"@type":"WebPage","@id":"https:\/\/www.waterjetsweden.com\/sv\/nyheter\/save-the-date","url":"https:\/\/www.waterjetsweden.com\/sv\/nyheter\/save-the-date","name":"Save the date! - Water Jet Sweden - Sverige","isPartOf":{"@id":"https:\/\/www.waterjetsweden.com\/sv\/#website"},"datePublished":"2025-06-12T07:22:18+00:00","dateModified":"2025-06-12T09:44:25+00:00","author":{"@id":"https:\/\/www.waterjetsweden.com\/sv\/#\/schema\/person\/6e1d27c9cb2842a3251dce274ca419bc"},"breadcrumb":{"@id":"https:\/\/www.waterjetsweden.com\/sv\/nyheter\/save-the-date#breadcrumb"},"inLanguage":"sv-SE","potentialAction":[{"@type":"ReadAction","target":["https:\/\/www.waterjetsweden.com\/sv\/nyheter\/save-the-date"]}]},{"@type":"BreadcrumbList","@id":"https:\/\/www.waterjetsweden.com\/sv\/nyheter\/save-the-date#breadcrumb","itemListElement":[{"@type":"ListItem","position":1,"name":"Home","item":"https:\/\/www.waterjetsweden.com\/sv\/"},{"@type":"ListItem","position":2,"name":"Save the date!"}]},{"@type":"WebSite","@id":"https:\/\/www.waterjetsweden.com\/sv\/#website","url":"https:\/\/www.waterjetsweden.com\/sv\/","name":"Water Jet Sweden - Sverige","description":"","potentialAction":[{"@type":"SearchAction","target":{"@type":"EntryPoint","urlTemplate":"https:\/\/www.waterjetsweden.com\/sv\/?s={search_term_string}"},"query-input":"required name=search_term_string"}],"inLanguage":"sv-SE"},{"@type":"Person","@id":"https:\/\/www.waterjetsweden.com\/sv\/#\/schema\/person\/6e1d27c9cb2842a3251dce274ca419bc","name":"andreas","image":{"@type":"ImageObject","inLanguage":"sv-SE","@id":"https:\/\/www.waterjetsweden.com\/sv\/#\/schema\/person\/image\/","url":"https:\/\/secure.gravatar.com\/avatar\/0500fbe71bab4be74f74393b89548a2e?s=96&d=mm&r=g","contentUrl":"https:\/\/secure.gravatar.com\/avatar\/0500fbe71bab4be74f74393b89548a2e?s=96&d=mm&r=g","caption":"andreas"}}]}},"_links":{"self":[{"href":"https:\/\/www.waterjetsweden.com\/sv\/wp-json\/wp\/v2\/posts\/8894"}],"collection":[{"href":"https:\/\/www.waterjetsweden.com\/sv\/wp-json\/wp\/v2\/posts"}],"about":[{"href":"https:\/\/www.waterjetsweden.com\/sv\/wp-json\/wp\/v2\/types\/post"}],"author":[{"embeddable":true,"href":"https:\/\/www.waterjetsweden.com\/sv\/wp-json\/wp\/v2\/users\/6"}],"replies":[{"embeddable":true,"href":"https:\/\/www.waterjetsweden.com\/sv\/wp-json\/wp\/v2\/comments?post=8894"}],"version-history":[{"count":2,"href":"https:\/\/www.waterjetsweden.com\/sv\/wp-json\/wp\/v2\/posts\/8894\/revisions"}],"predecessor-version":[{"id":8897,"href":"https:\/\/www.waterjetsweden.com\/sv\/wp-json\/wp\/v2\/posts\/8894\/revisions\/8897"}],"wp:attachment":[{"href":"https:\/\/www.waterjetsweden.com\/sv\/wp-json\/wp\/v2\/media?parent=8894"}],"wp:term":[{"taxonomy":"category","embeddable":true,"href":"https:\/\/www.waterjetsweden.com\/sv\/wp-json\/wp\/v2\/categories?post=8894"},{"taxonomy":"post_tag","embeddable":true,"href":"https:\/\/www.waterjetsweden.com\/sv\/wp-json\/wp\/v2\/tags?post=8894"}],"curies":[{"name":"wp","href":"https:\/\/api.w.org\/{rel}","templated":true}]}}