{"id":8620,"date":"2025-04-29T15:05:50","date_gmt":"2025-04-29T13:05:50","guid":{"rendered":"https:\/\/www.waterjetsweden.com\/sv\/?p=8620"},"modified":"2025-04-29T15:05:50","modified_gmt":"2025-04-29T13:05:50","slug":"vi-ses-i-skelleftea","status":"publish","type":"post","link":"https:\/\/www.waterjetsweden.com\/sv\/nyheter\/vi-ses-i-skelleftea","title":{"rendered":"Vi ses i Skellefte\u00e5!"},"content":{"rendered":"<p>Dags f\u00f6r EUROEXPO Industrim\u00e4ssor igen. Lokala event med produkter och l\u00f6sningar f\u00f6r tillverknings- och processindustrin. N\u00e4sta h\u00e5lls den 7-8 maj i Skellefte\u00e5. F\u00e5 en gratis biljett p\u00e5: <span style=\"color: #0000ff\"><a style=\"color: #0000ff\" href=\"https:\/\/www.euroexpo.se\/for-besokare\/skelleftea-7-8-maj-2025\">https:\/\/www.euroexpo.se\/for-besokare\/skelleftea-7-8-maj-2025<\/a> <\/span><\/p>\n<p><img loading=\"lazy\" class=\"aligncenter size-full wp-image-8622\" src=\"https:\/\/www.waterjetsweden.com\/sv\/wp-content\/uploads\/sites\/4\/2025\/04\/bild-3.jpg\" alt=\"\" width=\"2500\" height=\"1875\" srcset=\"https:\/\/www.waterjetsweden.com\/sv\/wp-content\/uploads\/sites\/4\/2025\/04\/bild-3.jpg 2500w, https:\/\/www.waterjetsweden.com\/sv\/wp-content\/uploads\/sites\/4\/2025\/04\/bild-3-300x225.jpg 300w, https:\/\/www.waterjetsweden.com\/sv\/wp-content\/uploads\/sites\/4\/2025\/04\/bild-3-1024x768.jpg 1024w, https:\/\/www.waterjetsweden.com\/sv\/wp-content\/uploads\/sites\/4\/2025\/04\/bild-3-768x576.jpg 768w, https:\/\/www.waterjetsweden.com\/sv\/wp-content\/uploads\/sites\/4\/2025\/04\/bild-3-1536x1152.jpg 1536w, https:\/\/www.waterjetsweden.com\/sv\/wp-content\/uploads\/sites\/4\/2025\/04\/bild-3-2048x1536.jpg 2048w, https:\/\/www.waterjetsweden.com\/sv\/wp-content\/uploads\/sites\/4\/2025\/04\/bild-3-210x158.jpg 210w\" sizes=\"(max-width: 2500px) 100vw, 2500px\" \/><\/p>\n<p><img loading=\"lazy\" class=\"aligncenter size-full wp-image-8623\" src=\"https:\/\/www.waterjetsweden.com\/sv\/wp-content\/uploads\/sites\/4\/2025\/04\/bild-1.jpg\" alt=\"\" width=\"1875\" height=\"2500\" srcset=\"https:\/\/www.waterjetsweden.com\/sv\/wp-content\/uploads\/sites\/4\/2025\/04\/bild-1.jpg 1875w, https:\/\/www.waterjetsweden.com\/sv\/wp-content\/uploads\/sites\/4\/2025\/04\/bild-1-225x300.jpg 225w, https:\/\/www.waterjetsweden.com\/sv\/wp-content\/uploads\/sites\/4\/2025\/04\/bild-1-768x1024.jpg 768w, https:\/\/www.waterjetsweden.com\/sv\/wp-content\/uploads\/sites\/4\/2025\/04\/bild-1-1152x1536.jpg 1152w, https:\/\/www.waterjetsweden.com\/sv\/wp-content\/uploads\/sites\/4\/2025\/04\/bild-1-1536x2048.jpg 1536w, https:\/\/www.waterjetsweden.com\/sv\/wp-content\/uploads\/sites\/4\/2025\/04\/bild-1-158x210.jpg 158w\" sizes=\"(max-width: 1875px) 100vw, 1875px\" \/><\/p>\n","protected":false},"excerpt":{"rendered":"<p>Dags f\u00f6r EUROEXPO Industrim\u00e4ssor igen. Lokala event med produkter och l\u00f6sningar f\u00f6r tillverknings- och processindustrin. N\u00e4sta h\u00e5lls den 7-8 maj i Skellefte\u00e5. F\u00e5 en gratis biljett p\u00e5: https:\/\/www.euroexpo.se\/for-besokare\/skelleftea-7-8-maj-2025<\/p>\n","protected":false},"author":6,"featured_media":0,"comment_status":"open","ping_status":"open","sticky":false,"template":"","format":"standard","meta":[],"categories":[1],"tags":[],"acf":[],"yoast_head":"<!-- This site is optimized with the Yoast SEO plugin v19.13 - https:\/\/yoast.com\/wordpress\/plugins\/seo\/ -->\n<title>Vi ses i Skellefte\u00e5! - Water Jet Sweden - Sverige<\/title>\n<meta name=\"robots\" content=\"index, follow, max-snippet:-1, max-image-preview:large, max-video-preview:-1\" \/>\n<link rel=\"canonical\" href=\"https:\/\/www.waterjetsweden.com\/sv\/nyheter\/vi-ses-i-skelleftea\" \/>\n<meta property=\"og:locale\" content=\"sv_SE\" \/>\n<meta property=\"og:type\" content=\"article\" \/>\n<meta property=\"og:title\" content=\"Vi ses i Skellefte\u00e5! - Water Jet Sweden - Sverige\" \/>\n<meta property=\"og:description\" content=\"Dags f\u00f6r EUROEXPO Industrim\u00e4ssor igen. Lokala event med produkter och l\u00f6sningar f\u00f6r tillverknings- och processindustrin. N\u00e4sta h\u00e5lls den 7-8 maj i Skellefte\u00e5. F\u00e5 en gratis biljett p\u00e5: https:\/\/www.euroexpo.se\/for-besokare\/skelleftea-7-8-maj-2025\" \/>\n<meta property=\"og:url\" content=\"https:\/\/www.waterjetsweden.com\/sv\/nyheter\/vi-ses-i-skelleftea\" \/>\n<meta property=\"og:site_name\" content=\"Water Jet Sweden - Sverige\" \/>\n<meta property=\"article:published_time\" content=\"2025-04-29T13:05:50+00:00\" \/>\n<meta property=\"og:image\" content=\"https:\/\/www.waterjetsweden.com\/sv\/wp-content\/uploads\/sites\/4\/2025\/04\/bild-3.jpg\" \/>\n<meta name=\"author\" content=\"andreas\" \/>\n<meta name=\"twitter:card\" content=\"summary_large_image\" \/>\n<meta name=\"twitter:label1\" content=\"Skriven av\" \/>\n\t<meta name=\"twitter:data1\" content=\"andreas\" \/>\n\t<meta name=\"twitter:label2\" content=\"Ber\u00e4knad l\u00e4stid\" \/>\n\t<meta name=\"twitter:data2\" content=\"1 minut\" \/>\n<script type=\"application\/ld+json\" class=\"yoast-schema-graph\">{\"@context\":\"https:\/\/schema.org\",\"@graph\":[{\"@type\":\"WebPage\",\"@id\":\"https:\/\/www.waterjetsweden.com\/sv\/nyheter\/vi-ses-i-skelleftea\",\"url\":\"https:\/\/www.waterjetsweden.com\/sv\/nyheter\/vi-ses-i-skelleftea\",\"name\":\"Vi ses i Skellefte\u00e5! - Water Jet Sweden - Sverige\",\"isPartOf\":{\"@id\":\"https:\/\/www.waterjetsweden.com\/sv\/#website\"},\"datePublished\":\"2025-04-29T13:05:50+00:00\",\"dateModified\":\"2025-04-29T13:05:50+00:00\",\"author\":{\"@id\":\"https:\/\/www.waterjetsweden.com\/sv\/#\/schema\/person\/6e1d27c9cb2842a3251dce274ca419bc\"},\"breadcrumb\":{\"@id\":\"https:\/\/www.waterjetsweden.com\/sv\/nyheter\/vi-ses-i-skelleftea#breadcrumb\"},\"inLanguage\":\"sv-SE\",\"potentialAction\":[{\"@type\":\"ReadAction\",\"target\":[\"https:\/\/www.waterjetsweden.com\/sv\/nyheter\/vi-ses-i-skelleftea\"]}]},{\"@type\":\"BreadcrumbList\",\"@id\":\"https:\/\/www.waterjetsweden.com\/sv\/nyheter\/vi-ses-i-skelleftea#breadcrumb\",\"itemListElement\":[{\"@type\":\"ListItem\",\"position\":1,\"name\":\"Home\",\"item\":\"https:\/\/www.waterjetsweden.com\/sv\/\"},{\"@type\":\"ListItem\",\"position\":2,\"name\":\"Vi ses i Skellefte\u00e5!\"}]},{\"@type\":\"WebSite\",\"@id\":\"https:\/\/www.waterjetsweden.com\/sv\/#website\",\"url\":\"https:\/\/www.waterjetsweden.com\/sv\/\",\"name\":\"Water Jet Sweden - Sverige\",\"description\":\"\",\"potentialAction\":[{\"@type\":\"SearchAction\",\"target\":{\"@type\":\"EntryPoint\",\"urlTemplate\":\"https:\/\/www.waterjetsweden.com\/sv\/?s={search_term_string}\"},\"query-input\":\"required name=search_term_string\"}],\"inLanguage\":\"sv-SE\"},{\"@type\":\"Person\",\"@id\":\"https:\/\/www.waterjetsweden.com\/sv\/#\/schema\/person\/6e1d27c9cb2842a3251dce274ca419bc\",\"name\":\"andreas\",\"image\":{\"@type\":\"ImageObject\",\"inLanguage\":\"sv-SE\",\"@id\":\"https:\/\/www.waterjetsweden.com\/sv\/#\/schema\/person\/image\/\",\"url\":\"https:\/\/secure.gravatar.com\/avatar\/0500fbe71bab4be74f74393b89548a2e?s=96&d=mm&r=g\",\"contentUrl\":\"https:\/\/secure.gravatar.com\/avatar\/0500fbe71bab4be74f74393b89548a2e?s=96&d=mm&r=g\",\"caption\":\"andreas\"}}]}<\/script>\n<!-- \/ Yoast SEO plugin. -->","yoast_head_json":{"title":"Vi ses i Skellefte\u00e5! - Water Jet Sweden - Sverige","robots":{"index":"index","follow":"follow","max-snippet":"max-snippet:-1","max-image-preview":"max-image-preview:large","max-video-preview":"max-video-preview:-1"},"canonical":"https:\/\/www.waterjetsweden.com\/sv\/nyheter\/vi-ses-i-skelleftea","og_locale":"sv_SE","og_type":"article","og_title":"Vi ses i Skellefte\u00e5! - Water Jet Sweden - Sverige","og_description":"Dags f\u00f6r EUROEXPO Industrim\u00e4ssor igen. Lokala event med produkter och l\u00f6sningar f\u00f6r tillverknings- och processindustrin. N\u00e4sta h\u00e5lls den 7-8 maj i Skellefte\u00e5. F\u00e5 en gratis biljett p\u00e5: https:\/\/www.euroexpo.se\/for-besokare\/skelleftea-7-8-maj-2025","og_url":"https:\/\/www.waterjetsweden.com\/sv\/nyheter\/vi-ses-i-skelleftea","og_site_name":"Water Jet Sweden - Sverige","article_published_time":"2025-04-29T13:05:50+00:00","og_image":[{"url":"https:\/\/www.waterjetsweden.com\/sv\/wp-content\/uploads\/sites\/4\/2025\/04\/bild-3.jpg"}],"author":"andreas","twitter_card":"summary_large_image","twitter_misc":{"Skriven av":"andreas","Ber\u00e4knad l\u00e4stid":"1 minut"},"schema":{"@context":"https:\/\/schema.org","@graph":[{"@type":"WebPage","@id":"https:\/\/www.waterjetsweden.com\/sv\/nyheter\/vi-ses-i-skelleftea","url":"https:\/\/www.waterjetsweden.com\/sv\/nyheter\/vi-ses-i-skelleftea","name":"Vi ses i Skellefte\u00e5! - Water Jet Sweden - Sverige","isPartOf":{"@id":"https:\/\/www.waterjetsweden.com\/sv\/#website"},"datePublished":"2025-04-29T13:05:50+00:00","dateModified":"2025-04-29T13:05:50+00:00","author":{"@id":"https:\/\/www.waterjetsweden.com\/sv\/#\/schema\/person\/6e1d27c9cb2842a3251dce274ca419bc"},"breadcrumb":{"@id":"https:\/\/www.waterjetsweden.com\/sv\/nyheter\/vi-ses-i-skelleftea#breadcrumb"},"inLanguage":"sv-SE","potentialAction":[{"@type":"ReadAction","target":["https:\/\/www.waterjetsweden.com\/sv\/nyheter\/vi-ses-i-skelleftea"]}]},{"@type":"BreadcrumbList","@id":"https:\/\/www.waterjetsweden.com\/sv\/nyheter\/vi-ses-i-skelleftea#breadcrumb","itemListElement":[{"@type":"ListItem","position":1,"name":"Home","item":"https:\/\/www.waterjetsweden.com\/sv\/"},{"@type":"ListItem","position":2,"name":"Vi ses i Skellefte\u00e5!"}]},{"@type":"WebSite","@id":"https:\/\/www.waterjetsweden.com\/sv\/#website","url":"https:\/\/www.waterjetsweden.com\/sv\/","name":"Water Jet Sweden - Sverige","description":"","potentialAction":[{"@type":"SearchAction","target":{"@type":"EntryPoint","urlTemplate":"https:\/\/www.waterjetsweden.com\/sv\/?s={search_term_string}"},"query-input":"required name=search_term_string"}],"inLanguage":"sv-SE"},{"@type":"Person","@id":"https:\/\/www.waterjetsweden.com\/sv\/#\/schema\/person\/6e1d27c9cb2842a3251dce274ca419bc","name":"andreas","image":{"@type":"ImageObject","inLanguage":"sv-SE","@id":"https:\/\/www.waterjetsweden.com\/sv\/#\/schema\/person\/image\/","url":"https:\/\/secure.gravatar.com\/avatar\/0500fbe71bab4be74f74393b89548a2e?s=96&d=mm&r=g","contentUrl":"https:\/\/secure.gravatar.com\/avatar\/0500fbe71bab4be74f74393b89548a2e?s=96&d=mm&r=g","caption":"andreas"}}]}},"_links":{"self":[{"href":"https:\/\/www.waterjetsweden.com\/sv\/wp-json\/wp\/v2\/posts\/8620"}],"collection":[{"href":"https:\/\/www.waterjetsweden.com\/sv\/wp-json\/wp\/v2\/posts"}],"about":[{"href":"https:\/\/www.waterjetsweden.com\/sv\/wp-json\/wp\/v2\/types\/post"}],"author":[{"embeddable":true,"href":"https:\/\/www.waterjetsweden.com\/sv\/wp-json\/wp\/v2\/users\/6"}],"replies":[{"embeddable":true,"href":"https:\/\/www.waterjetsweden.com\/sv\/wp-json\/wp\/v2\/comments?post=8620"}],"version-history":[{"count":1,"href":"https:\/\/www.waterjetsweden.com\/sv\/wp-json\/wp\/v2\/posts\/8620\/revisions"}],"predecessor-version":[{"id":8624,"href":"https:\/\/www.waterjetsweden.com\/sv\/wp-json\/wp\/v2\/posts\/8620\/revisions\/8624"}],"wp:attachment":[{"href":"https:\/\/www.waterjetsweden.com\/sv\/wp-json\/wp\/v2\/media?parent=8620"}],"wp:term":[{"taxonomy":"category","embeddable":true,"href":"https:\/\/www.waterjetsweden.com\/sv\/wp-json\/wp\/v2\/categories?post=8620"},{"taxonomy":"post_tag","embeddable":true,"href":"https:\/\/www.waterjetsweden.com\/sv\/wp-json\/wp\/v2\/tags?post=8620"}],"curies":[{"name":"wp","href":"https:\/\/api.w.org\/{rel}","templated":true}]}}