{"id":2514,"date":"2016-04-25T12:38:40","date_gmt":"2016-04-25T11:38:40","guid":{"rendered":"http:\/\/waterjetsweden.com\/sv\/?p=2514"},"modified":"2017-12-15T10:23:46","modified_gmt":"2017-12-15T09:23:46","slug":"mot-oss-pa-massor-varlden-over-i-maj","status":"publish","type":"post","link":"https:\/\/www.waterjetsweden.com\/sv\/nyheter\/mot-oss-pa-massor-varlden-over-i-maj","title":{"rendered":"M\u00f6t oss p\u00e5 Elmia 10-13 maj"},"content":{"rendered":"<p>Nu har \u00e4ntligen \u00e5rets m\u00e4ss-s\u00e4song kommit ig\u00e5ng, och vi \u00e4r glada att f\u00e5 m\u00f6ta nya och gamla kunder och agenter v\u00e4rlden \u00f6ver.<br \/>\nDen 10-13 maj ses vi i J\u00f6nk\u00f6ping p\u00e5\u00a0<strong>Elmia Verktygsmaskiner 2016<\/strong>. Det \u00e4r f\u00f6rsta g\u00e5ngen p\u00e5 flera \u00e5r som vi st\u00e4ller ut maskiner p\u00e5 en m\u00e4ssa i Skandinavien, v\u00e5r hemmamarknad.<\/p>\n<p>Vi kommer att demonstrera tv\u00e5 maskinmodeller fr\u00e5n v\u00e5r produktportf\u00f6lj, som idag \u00e4r en av v\u00e4rldens mest omfattande. En internationellt mycket popul\u00e4r Premium-maskin med dubbla sk\u00e4rhuvud f\u00f6r 2D och 3D-sk\u00e4rning samt v\u00e5r nyhet T-model, en instegsmodell som breddar v\u00e5r produktportf\u00f6lj ytterligare. Vattensk\u00e4rningstekniken har utvecklats och det finns fortfarande m\u00e5nga som \u00e4nnu inte uppt\u00e4ckt vattensk\u00e4rningens alla m\u00f6jligheter. V\u00e4lkommen att tr\u00e4ffa oss i Hall B, monter 07:74. (Klicka p\u00e5 logotypen nedan f\u00f6r att bes\u00f6ka deras hemsida)<\/p>\n<p><a href=\"http:\/\/www.elmia.se\/verktygsmaskiner\/\" target=\"_blank\" rel=\"noopener\"><img loading=\"lazy\" class=\" wp-image-2632 alignleft\" src=\"https:\/\/www.waterjetsweden.com\/sv\/wp-content\/uploads\/sites\/4\/2016\/04\/1356-VerktygsMaskiner_500x250-300x86.jpg\" alt=\"1356-VerktygsMaskiner_500x250\" width=\"251\" height=\"72\" \/><\/a><\/p>\n<p>&nbsp;<\/p>\n<p>&nbsp;<\/p>\n<p>&nbsp;<\/p>\n<p>I maj m\u00e5nad kommer vi \u00e4ven finnas p\u00e5 m\u00e4ssor i Thailand, Serbien och Ryssland:<\/p>\n<p><strong>Intermach, Bangkok<\/strong> g\u00e5r av stapeln den 11-14 maj. H\u00e4r kommer vi finnas p\u00e5 plats tillsammans med Krasstec, v\u00e5r lokala partner i Thailand. (Klicka p\u00e5 logotypen nedan\u00a0f\u00f6r att bes\u00f6ka deras hemsida)<br \/>\n<a href=\"http:\/\/www.intermachshow.com\/\" target=\"_blank\" rel=\"noopener\"><img loading=\"lazy\" class=\" wp-image-2598 alignleft\" src=\"https:\/\/www.waterjetsweden.com\/sv\/wp-content\/uploads\/sites\/4\/2016\/04\/intermach-e1461911136575.jpg\" alt=\"intermach\" width=\"160\" height=\"75\" \/><\/a><\/p>\n<p>&nbsp;<\/p>\n<p>&nbsp;<\/p>\n<p>&nbsp;<\/p>\n<p><strong>Sajam Tehnike, Belgrad. <\/strong>Mellan den 16-20 maj kommer v\u00e5ra representanter fr\u00e5n Balkan-regionen finnas till ert f\u00f6rfogande.<br \/>\n<span style=\"line-height: 1.5\">(Klicka p\u00e5 logotypen nedan\u00a0f\u00f6r att bes\u00f6ka deras hemsida).<\/span><\/p>\n<p><a href=\"http:\/\/tehnika.talkb2b.net\/\" target=\"_blank\" rel=\"noopener\"><img loading=\"lazy\" class=\" size-full wp-image-2600 alignleft\" src=\"https:\/\/www.waterjetsweden.com\/sv\/wp-content\/uploads\/sites\/4\/2016\/04\/Sajamfair.jpg\" alt=\"Sajamfair\" width=\"156\" height=\"50\" \/><\/a><\/p>\n<p>&nbsp;<\/p>\n<p>&nbsp;<\/p>\n<p>&nbsp;<\/p>\n<p><strong>Metalloobrabotka, Moskva<\/strong>. Den 23-27 maj kommer vi, tillsammans med v\u00e5r ryska agent Rosmark, st\u00e4lla ut v\u00e5r senaste maskin T-model f\u00f6r demonstration p\u00e5 den ryska marknaden.<br \/>\n<span style=\"line-height: 1.5\">(Klicka p\u00e5 logotypen\u00a0f\u00f6r att bes\u00f6ka deras hemsida)<\/span><\/p>\n<p><a href=\"http:\/\/www.metobr-expo.ru\/en\/\" target=\"_blank\" rel=\"noopener\"><img loading=\"lazy\" class=\" wp-image-2601 alignleft\" src=\"https:\/\/www.waterjetsweden.com\/sv\/wp-content\/uploads\/sites\/4\/2016\/04\/metalloobrabotka.jpg\" alt=\"metalloobrabotka\" width=\"114\" height=\"127\" \/><\/a><\/p>\n<p>&nbsp;<\/p>\n<p>&nbsp;<\/p>\n<p>&nbsp;<\/p>\n<p>&nbsp;<\/p>\n<p>&nbsp;<\/p>\n<p>Vi ses!<\/p>\n","protected":false},"excerpt":{"rendered":"<p>Nu har \u00e4ntligen \u00e5rets m\u00e4ss-s\u00e4song kommit ig\u00e5ng, och vi \u00e4r glada att f\u00e5 m\u00f6ta nya och gamla kunder och agenter v\u00e4rlden \u00f6ver. Den 10-13 maj ses vi i J\u00f6nk\u00f6ping p\u00e5\u00a0Elmia Verktygsmaskiner 2016. Det \u00e4r f\u00f6rsta g\u00e5ngen p\u00e5 flera \u00e5r som vi st\u00e4ller ut maskiner p\u00e5 en m\u00e4ssa i Skandinavien, v\u00e5r hemmamarknad. Vi kommer att demonstrera [&hellip;]<\/p>\n","protected":false},"author":3,"featured_media":2515,"comment_status":"closed","ping_status":"open","sticky":false,"template":"","format":"standard","meta":[],"categories":[1],"tags":[],"acf":[],"yoast_head":"<!-- This site is optimized with the Yoast SEO plugin v19.13 - https:\/\/yoast.com\/wordpress\/plugins\/seo\/ -->\n<title>M\u00f6t oss p\u00e5 Elmia 10-13 maj - Water Jet Sweden - Sverige<\/title>\n<meta name=\"robots\" content=\"index, follow, max-snippet:-1, max-image-preview:large, max-video-preview:-1\" \/>\n<link rel=\"canonical\" href=\"https:\/\/www.waterjetsweden.com\/sv\/nyheter\/mot-oss-pa-massor-varlden-over-i-maj\" \/>\n<meta property=\"og:locale\" content=\"sv_SE\" \/>\n<meta property=\"og:type\" content=\"article\" \/>\n<meta property=\"og:title\" content=\"M\u00f6t oss p\u00e5 Elmia 10-13 maj - Water Jet Sweden - Sverige\" \/>\n<meta property=\"og:description\" content=\"Nu har \u00e4ntligen \u00e5rets m\u00e4ss-s\u00e4song kommit ig\u00e5ng, och vi \u00e4r glada att f\u00e5 m\u00f6ta nya och gamla kunder och agenter v\u00e4rlden \u00f6ver. Den 10-13 maj ses vi i J\u00f6nk\u00f6ping p\u00e5\u00a0Elmia Verktygsmaskiner 2016. Det \u00e4r f\u00f6rsta g\u00e5ngen p\u00e5 flera \u00e5r som vi st\u00e4ller ut maskiner p\u00e5 en m\u00e4ssa i Skandinavien, v\u00e5r hemmamarknad. Vi kommer att demonstrera [&hellip;]\" \/>\n<meta property=\"og:url\" content=\"https:\/\/www.waterjetsweden.com\/sv\/nyheter\/mot-oss-pa-massor-varlden-over-i-maj\" \/>\n<meta property=\"og:site_name\" content=\"Water Jet Sweden - Sverige\" \/>\n<meta property=\"article:published_time\" content=\"2016-04-25T11:38:40+00:00\" \/>\n<meta property=\"article:modified_time\" content=\"2017-12-15T09:23:46+00:00\" \/>\n<meta name=\"author\" content=\"wjsadmin\" \/>\n<meta name=\"twitter:card\" content=\"summary_large_image\" \/>\n<meta name=\"twitter:label1\" content=\"Skriven av\" \/>\n\t<meta name=\"twitter:data1\" content=\"wjsadmin\" \/>\n\t<meta name=\"twitter:label2\" content=\"Ber\u00e4knad l\u00e4stid\" \/>\n\t<meta name=\"twitter:data2\" content=\"1 minut\" \/>\n<script type=\"application\/ld+json\" class=\"yoast-schema-graph\">{\"@context\":\"https:\/\/schema.org\",\"@graph\":[{\"@type\":\"WebPage\",\"@id\":\"https:\/\/www.waterjetsweden.com\/sv\/nyheter\/mot-oss-pa-massor-varlden-over-i-maj\",\"url\":\"https:\/\/www.waterjetsweden.com\/sv\/nyheter\/mot-oss-pa-massor-varlden-over-i-maj\",\"name\":\"M\u00f6t oss p\u00e5 Elmia 10-13 maj - Water Jet Sweden - Sverige\",\"isPartOf\":{\"@id\":\"https:\/\/www.waterjetsweden.com\/sv\/#website\"},\"datePublished\":\"2016-04-25T11:38:40+00:00\",\"dateModified\":\"2017-12-15T09:23:46+00:00\",\"author\":{\"@id\":\"https:\/\/www.waterjetsweden.com\/sv\/#\/schema\/person\/edfc723cf0bb2489e79e4b492f70cca8\"},\"breadcrumb\":{\"@id\":\"https:\/\/www.waterjetsweden.com\/sv\/nyheter\/mot-oss-pa-massor-varlden-over-i-maj#breadcrumb\"},\"inLanguage\":\"sv-SE\",\"potentialAction\":[{\"@type\":\"ReadAction\",\"target\":[\"https:\/\/www.waterjetsweden.com\/sv\/nyheter\/mot-oss-pa-massor-varlden-over-i-maj\"]}]},{\"@type\":\"BreadcrumbList\",\"@id\":\"https:\/\/www.waterjetsweden.com\/sv\/nyheter\/mot-oss-pa-massor-varlden-over-i-maj#breadcrumb\",\"itemListElement\":[{\"@type\":\"ListItem\",\"position\":1,\"name\":\"Home\",\"item\":\"https:\/\/www.waterjetsweden.com\/sv\/\"},{\"@type\":\"ListItem\",\"position\":2,\"name\":\"M\u00f6t oss p\u00e5 Elmia 10-13 maj\"}]},{\"@type\":\"WebSite\",\"@id\":\"https:\/\/www.waterjetsweden.com\/sv\/#website\",\"url\":\"https:\/\/www.waterjetsweden.com\/sv\/\",\"name\":\"Water Jet Sweden - Sverige\",\"description\":\"\",\"potentialAction\":[{\"@type\":\"SearchAction\",\"target\":{\"@type\":\"EntryPoint\",\"urlTemplate\":\"https:\/\/www.waterjetsweden.com\/sv\/?s={search_term_string}\"},\"query-input\":\"required name=search_term_string\"}],\"inLanguage\":\"sv-SE\"},{\"@type\":\"Person\",\"@id\":\"https:\/\/www.waterjetsweden.com\/sv\/#\/schema\/person\/edfc723cf0bb2489e79e4b492f70cca8\",\"name\":\"wjsadmin\",\"image\":{\"@type\":\"ImageObject\",\"inLanguage\":\"sv-SE\",\"@id\":\"https:\/\/www.waterjetsweden.com\/sv\/#\/schema\/person\/image\/\",\"url\":\"https:\/\/secure.gravatar.com\/avatar\/a801179fc5fe2a6565008a51fd64a9aa?s=96&d=mm&r=g\",\"contentUrl\":\"https:\/\/secure.gravatar.com\/avatar\/a801179fc5fe2a6565008a51fd64a9aa?s=96&d=mm&r=g\",\"caption\":\"wjsadmin\"}}]}<\/script>\n<!-- \/ Yoast SEO plugin. -->","yoast_head_json":{"title":"M\u00f6t oss p\u00e5 Elmia 10-13 maj - Water Jet Sweden - Sverige","robots":{"index":"index","follow":"follow","max-snippet":"max-snippet:-1","max-image-preview":"max-image-preview:large","max-video-preview":"max-video-preview:-1"},"canonical":"https:\/\/www.waterjetsweden.com\/sv\/nyheter\/mot-oss-pa-massor-varlden-over-i-maj","og_locale":"sv_SE","og_type":"article","og_title":"M\u00f6t oss p\u00e5 Elmia 10-13 maj - Water Jet Sweden - Sverige","og_description":"Nu har \u00e4ntligen \u00e5rets m\u00e4ss-s\u00e4song kommit ig\u00e5ng, och vi \u00e4r glada att f\u00e5 m\u00f6ta nya och gamla kunder och agenter v\u00e4rlden \u00f6ver. Den 10-13 maj ses vi i J\u00f6nk\u00f6ping p\u00e5\u00a0Elmia Verktygsmaskiner 2016. Det \u00e4r f\u00f6rsta g\u00e5ngen p\u00e5 flera \u00e5r som vi st\u00e4ller ut maskiner p\u00e5 en m\u00e4ssa i Skandinavien, v\u00e5r hemmamarknad. Vi kommer att demonstrera [&hellip;]","og_url":"https:\/\/www.waterjetsweden.com\/sv\/nyheter\/mot-oss-pa-massor-varlden-over-i-maj","og_site_name":"Water Jet Sweden - Sverige","article_published_time":"2016-04-25T11:38:40+00:00","article_modified_time":"2017-12-15T09:23:46+00:00","author":"wjsadmin","twitter_card":"summary_large_image","twitter_misc":{"Skriven av":"wjsadmin","Ber\u00e4knad l\u00e4stid":"1 minut"},"schema":{"@context":"https:\/\/schema.org","@graph":[{"@type":"WebPage","@id":"https:\/\/www.waterjetsweden.com\/sv\/nyheter\/mot-oss-pa-massor-varlden-over-i-maj","url":"https:\/\/www.waterjetsweden.com\/sv\/nyheter\/mot-oss-pa-massor-varlden-over-i-maj","name":"M\u00f6t oss p\u00e5 Elmia 10-13 maj - Water Jet Sweden - Sverige","isPartOf":{"@id":"https:\/\/www.waterjetsweden.com\/sv\/#website"},"datePublished":"2016-04-25T11:38:40+00:00","dateModified":"2017-12-15T09:23:46+00:00","author":{"@id":"https:\/\/www.waterjetsweden.com\/sv\/#\/schema\/person\/edfc723cf0bb2489e79e4b492f70cca8"},"breadcrumb":{"@id":"https:\/\/www.waterjetsweden.com\/sv\/nyheter\/mot-oss-pa-massor-varlden-over-i-maj#breadcrumb"},"inLanguage":"sv-SE","potentialAction":[{"@type":"ReadAction","target":["https:\/\/www.waterjetsweden.com\/sv\/nyheter\/mot-oss-pa-massor-varlden-over-i-maj"]}]},{"@type":"BreadcrumbList","@id":"https:\/\/www.waterjetsweden.com\/sv\/nyheter\/mot-oss-pa-massor-varlden-over-i-maj#breadcrumb","itemListElement":[{"@type":"ListItem","position":1,"name":"Home","item":"https:\/\/www.waterjetsweden.com\/sv\/"},{"@type":"ListItem","position":2,"name":"M\u00f6t oss p\u00e5 Elmia 10-13 maj"}]},{"@type":"WebSite","@id":"https:\/\/www.waterjetsweden.com\/sv\/#website","url":"https:\/\/www.waterjetsweden.com\/sv\/","name":"Water Jet Sweden - Sverige","description":"","potentialAction":[{"@type":"SearchAction","target":{"@type":"EntryPoint","urlTemplate":"https:\/\/www.waterjetsweden.com\/sv\/?s={search_term_string}"},"query-input":"required name=search_term_string"}],"inLanguage":"sv-SE"},{"@type":"Person","@id":"https:\/\/www.waterjetsweden.com\/sv\/#\/schema\/person\/edfc723cf0bb2489e79e4b492f70cca8","name":"wjsadmin","image":{"@type":"ImageObject","inLanguage":"sv-SE","@id":"https:\/\/www.waterjetsweden.com\/sv\/#\/schema\/person\/image\/","url":"https:\/\/secure.gravatar.com\/avatar\/a801179fc5fe2a6565008a51fd64a9aa?s=96&d=mm&r=g","contentUrl":"https:\/\/secure.gravatar.com\/avatar\/a801179fc5fe2a6565008a51fd64a9aa?s=96&d=mm&r=g","caption":"wjsadmin"}}]}},"_links":{"self":[{"href":"https:\/\/www.waterjetsweden.com\/sv\/wp-json\/wp\/v2\/posts\/2514"}],"collection":[{"href":"https:\/\/www.waterjetsweden.com\/sv\/wp-json\/wp\/v2\/posts"}],"about":[{"href":"https:\/\/www.waterjetsweden.com\/sv\/wp-json\/wp\/v2\/types\/post"}],"author":[{"embeddable":true,"href":"https:\/\/www.waterjetsweden.com\/sv\/wp-json\/wp\/v2\/users\/3"}],"replies":[{"embeddable":true,"href":"https:\/\/www.waterjetsweden.com\/sv\/wp-json\/wp\/v2\/comments?post=2514"}],"version-history":[{"count":0,"href":"https:\/\/www.waterjetsweden.com\/sv\/wp-json\/wp\/v2\/posts\/2514\/revisions"}],"wp:featuredmedia":[{"embeddable":true,"href":"https:\/\/www.waterjetsweden.com\/sv\/wp-json\/"}],"wp:attachment":[{"href":"https:\/\/www.waterjetsweden.com\/sv\/wp-json\/wp\/v2\/media?parent=2514"}],"wp:term":[{"taxonomy":"category","embeddable":true,"href":"https:\/\/www.waterjetsweden.com\/sv\/wp-json\/wp\/v2\/categories?post=2514"},{"taxonomy":"post_tag","embeddable":true,"href":"https:\/\/www.waterjetsweden.com\/sv\/wp-json\/wp\/v2\/tags?post=2514"}],"curies":[{"name":"wp","href":"https:\/\/api.w.org\/{rel}","templated":true}]}}