{"id":8047,"date":"2024-10-24T08:03:20","date_gmt":"2024-10-24T06:03:20","guid":{"rendered":"https:\/\/www.waterjetsweden.com\/de\/?p=8047"},"modified":"2024-10-24T08:03:20","modified_gmt":"2024-10-24T06:03:20","slug":"euroblech-messe-2024","status":"publish","type":"post","link":"https:\/\/www.waterjetsweden.com\/de\/nachrichten\/euroblech-messe-2024","title":{"rendered":"EuroBLECH Messe 2024"},"content":{"rendered":"<h2>EuroBLECH Messe Hannover, Tag 2.<\/h2>\n<p>Intensives Treiben am EuroBLECH Messetag 2. Ein Tag mit guten Beziehungen und Gesch\u00e4ftsm\u00f6glichkeiten. Ich freue mich auf zwei weitere Tage in Hannover. M\u00f6chten Sie L\u00f6sungen f\u00fcr das Wasserstrahlschneiden auf dem neuesten Stand der Technik entdecken? Herzlich willkommen in Halle 12, Stand H116!<\/p>\n<p><img loading=\"lazy\" class=\"aligncenter size-full wp-image-8049\" src=\"https:\/\/www.waterjetsweden.com\/de\/wp-content\/uploads\/sites\/3\/2024\/10\/dag-2-b.jpg\" alt=\"\" width=\"1500\" height=\"1125\" srcset=\"https:\/\/www.waterjetsweden.com\/de\/wp-content\/uploads\/sites\/3\/2024\/10\/dag-2-b.jpg 1500w, https:\/\/www.waterjetsweden.com\/de\/wp-content\/uploads\/sites\/3\/2024\/10\/dag-2-b-300x225.jpg 300w, https:\/\/www.waterjetsweden.com\/de\/wp-content\/uploads\/sites\/3\/2024\/10\/dag-2-b-1024x768.jpg 1024w, https:\/\/www.waterjetsweden.com\/de\/wp-content\/uploads\/sites\/3\/2024\/10\/dag-2-b-768x576.jpg 768w, https:\/\/www.waterjetsweden.com\/de\/wp-content\/uploads\/sites\/3\/2024\/10\/dag-2-b-210x158.jpg 210w\" sizes=\"(max-width: 1500px) 100vw, 1500px\" \/> <img loading=\"lazy\" class=\"aligncenter size-full wp-image-8050\" src=\"https:\/\/www.waterjetsweden.com\/de\/wp-content\/uploads\/sites\/3\/2024\/10\/dag-2-c.jpg\" alt=\"\" width=\"1500\" height=\"1125\" srcset=\"https:\/\/www.waterjetsweden.com\/de\/wp-content\/uploads\/sites\/3\/2024\/10\/dag-2-c.jpg 1500w, https:\/\/www.waterjetsweden.com\/de\/wp-content\/uploads\/sites\/3\/2024\/10\/dag-2-c-300x225.jpg 300w, https:\/\/www.waterjetsweden.com\/de\/wp-content\/uploads\/sites\/3\/2024\/10\/dag-2-c-1024x768.jpg 1024w, https:\/\/www.waterjetsweden.com\/de\/wp-content\/uploads\/sites\/3\/2024\/10\/dag-2-c-768x576.jpg 768w, https:\/\/www.waterjetsweden.com\/de\/wp-content\/uploads\/sites\/3\/2024\/10\/dag-2-c-210x158.jpg 210w\" sizes=\"(max-width: 1500px) 100vw, 1500px\" \/> <img loading=\"lazy\" class=\"aligncenter size-full wp-image-8051\" src=\"https:\/\/www.waterjetsweden.com\/de\/wp-content\/uploads\/sites\/3\/2024\/10\/dag-2-d.jpg\" alt=\"\" width=\"1500\" height=\"2084\" srcset=\"https:\/\/www.waterjetsweden.com\/de\/wp-content\/uploads\/sites\/3\/2024\/10\/dag-2-d.jpg 1500w, https:\/\/www.waterjetsweden.com\/de\/wp-content\/uploads\/sites\/3\/2024\/10\/dag-2-d-216x300.jpg 216w, https:\/\/www.waterjetsweden.com\/de\/wp-content\/uploads\/sites\/3\/2024\/10\/dag-2-d-737x1024.jpg 737w, https:\/\/www.waterjetsweden.com\/de\/wp-content\/uploads\/sites\/3\/2024\/10\/dag-2-d-768x1067.jpg 768w, https:\/\/www.waterjetsweden.com\/de\/wp-content\/uploads\/sites\/3\/2024\/10\/dag-2-d-1106x1536.jpg 1106w, https:\/\/www.waterjetsweden.com\/de\/wp-content\/uploads\/sites\/3\/2024\/10\/dag-2-d-1474x2048.jpg 1474w, https:\/\/www.waterjetsweden.com\/de\/wp-content\/uploads\/sites\/3\/2024\/10\/dag-2-d-151x210.jpg 151w\" sizes=\"(max-width: 1500px) 100vw, 1500px\" \/><\/p>\n","protected":false},"excerpt":{"rendered":"<p>EuroBLECH Messe Hannover, Tag 2. Intensives Treiben am EuroBLECH Messetag 2. Ein Tag mit guten Beziehungen und Gesch\u00e4ftsm\u00f6glichkeiten. Ich freue mich auf zwei weitere Tage in Hannover. M\u00f6chten Sie L\u00f6sungen f\u00fcr das Wasserstrahlschneiden auf dem neuesten Stand der Technik entdecken? Herzlich willkommen in Halle 12, Stand H116!<\/p>\n","protected":false},"author":6,"featured_media":0,"comment_status":"open","ping_status":"open","sticky":false,"template":"","format":"standard","meta":[],"categories":[1],"tags":[],"acf":[],"yoast_head":"<!-- This site is optimized with the Yoast SEO plugin v19.13 - https:\/\/yoast.com\/wordpress\/plugins\/seo\/ -->\n<title>EuroBLECH Messe 2024 - Water Jet Sweden - Deutschland<\/title>\n<meta name=\"robots\" content=\"index, follow, max-snippet:-1, max-image-preview:large, max-video-preview:-1\" \/>\n<link rel=\"canonical\" href=\"https:\/\/www.waterjetsweden.com\/de\/nachrichten\/euroblech-messe-2024\" \/>\n<meta property=\"og:locale\" content=\"de_DE\" \/>\n<meta property=\"og:type\" content=\"article\" \/>\n<meta property=\"og:title\" content=\"EuroBLECH Messe 2024 - Water Jet Sweden - Deutschland\" \/>\n<meta property=\"og:description\" content=\"EuroBLECH Messe Hannover, Tag 2. Intensives Treiben am EuroBLECH Messetag 2. Ein Tag mit guten Beziehungen und Gesch\u00e4ftsm\u00f6glichkeiten. Ich freue mich auf zwei weitere Tage in Hannover. M\u00f6chten Sie L\u00f6sungen f\u00fcr das Wasserstrahlschneiden auf dem neuesten Stand der Technik entdecken? Herzlich willkommen in Halle 12, Stand H116!\" \/>\n<meta property=\"og:url\" content=\"https:\/\/www.waterjetsweden.com\/de\/nachrichten\/euroblech-messe-2024\" \/>\n<meta property=\"og:site_name\" content=\"Water Jet Sweden - Deutschland\" \/>\n<meta property=\"article:published_time\" content=\"2024-10-24T06:03:20+00:00\" \/>\n<meta property=\"og:image\" content=\"https:\/\/www.waterjetsweden.com\/de\/wp-content\/uploads\/sites\/3\/2024\/10\/dag-2-b.jpg\" \/>\n<meta name=\"author\" content=\"andreas\" \/>\n<meta name=\"twitter:card\" content=\"summary_large_image\" \/>\n<meta name=\"twitter:label1\" content=\"Verfasst von\" \/>\n\t<meta name=\"twitter:data1\" content=\"andreas\" \/>\n\t<meta name=\"twitter:label2\" content=\"Gesch\u00e4tzte Lesezeit\" \/>\n\t<meta name=\"twitter:data2\" content=\"1\u00a0Minute\" \/>\n<script type=\"application\/ld+json\" class=\"yoast-schema-graph\">{\"@context\":\"https:\/\/schema.org\",\"@graph\":[{\"@type\":\"WebPage\",\"@id\":\"https:\/\/www.waterjetsweden.com\/de\/nachrichten\/euroblech-messe-2024\",\"url\":\"https:\/\/www.waterjetsweden.com\/de\/nachrichten\/euroblech-messe-2024\",\"name\":\"EuroBLECH Messe 2024 - Water Jet Sweden - Deutschland\",\"isPartOf\":{\"@id\":\"https:\/\/www.waterjetsweden.com\/de\/#website\"},\"datePublished\":\"2024-10-24T06:03:20+00:00\",\"dateModified\":\"2024-10-24T06:03:20+00:00\",\"author\":{\"@id\":\"https:\/\/www.waterjetsweden.com\/de\/#\/schema\/person\/6e1d27c9cb2842a3251dce274ca419bc\"},\"breadcrumb\":{\"@id\":\"https:\/\/www.waterjetsweden.com\/de\/nachrichten\/euroblech-messe-2024#breadcrumb\"},\"inLanguage\":\"de\",\"potentialAction\":[{\"@type\":\"ReadAction\",\"target\":[\"https:\/\/www.waterjetsweden.com\/de\/nachrichten\/euroblech-messe-2024\"]}]},{\"@type\":\"BreadcrumbList\",\"@id\":\"https:\/\/www.waterjetsweden.com\/de\/nachrichten\/euroblech-messe-2024#breadcrumb\",\"itemListElement\":[{\"@type\":\"ListItem\",\"position\":1,\"name\":\"Home\",\"item\":\"https:\/\/www.waterjetsweden.com\/de\/\"},{\"@type\":\"ListItem\",\"position\":2,\"name\":\"EuroBLECH Messe 2024\"}]},{\"@type\":\"WebSite\",\"@id\":\"https:\/\/www.waterjetsweden.com\/de\/#website\",\"url\":\"https:\/\/www.waterjetsweden.com\/de\/\",\"name\":\"Water Jet Sweden - Deutschland\",\"description\":\"\",\"potentialAction\":[{\"@type\":\"SearchAction\",\"target\":{\"@type\":\"EntryPoint\",\"urlTemplate\":\"https:\/\/www.waterjetsweden.com\/de\/?s={search_term_string}\"},\"query-input\":\"required name=search_term_string\"}],\"inLanguage\":\"de\"},{\"@type\":\"Person\",\"@id\":\"https:\/\/www.waterjetsweden.com\/de\/#\/schema\/person\/6e1d27c9cb2842a3251dce274ca419bc\",\"name\":\"andreas\",\"image\":{\"@type\":\"ImageObject\",\"inLanguage\":\"de\",\"@id\":\"https:\/\/www.waterjetsweden.com\/de\/#\/schema\/person\/image\/\",\"url\":\"https:\/\/secure.gravatar.com\/avatar\/0500fbe71bab4be74f74393b89548a2e?s=96&d=mm&r=g\",\"contentUrl\":\"https:\/\/secure.gravatar.com\/avatar\/0500fbe71bab4be74f74393b89548a2e?s=96&d=mm&r=g\",\"caption\":\"andreas\"}}]}<\/script>\n<!-- \/ Yoast SEO plugin. -->","yoast_head_json":{"title":"EuroBLECH Messe 2024 - Water Jet Sweden - Deutschland","robots":{"index":"index","follow":"follow","max-snippet":"max-snippet:-1","max-image-preview":"max-image-preview:large","max-video-preview":"max-video-preview:-1"},"canonical":"https:\/\/www.waterjetsweden.com\/de\/nachrichten\/euroblech-messe-2024","og_locale":"de_DE","og_type":"article","og_title":"EuroBLECH Messe 2024 - Water Jet Sweden - Deutschland","og_description":"EuroBLECH Messe Hannover, Tag 2. Intensives Treiben am EuroBLECH Messetag 2. Ein Tag mit guten Beziehungen und Gesch\u00e4ftsm\u00f6glichkeiten. Ich freue mich auf zwei weitere Tage in Hannover. M\u00f6chten Sie L\u00f6sungen f\u00fcr das Wasserstrahlschneiden auf dem neuesten Stand der Technik entdecken? Herzlich willkommen in Halle 12, Stand H116!","og_url":"https:\/\/www.waterjetsweden.com\/de\/nachrichten\/euroblech-messe-2024","og_site_name":"Water Jet Sweden - Deutschland","article_published_time":"2024-10-24T06:03:20+00:00","og_image":[{"url":"https:\/\/www.waterjetsweden.com\/de\/wp-content\/uploads\/sites\/3\/2024\/10\/dag-2-b.jpg"}],"author":"andreas","twitter_card":"summary_large_image","twitter_misc":{"Verfasst von":"andreas","Gesch\u00e4tzte Lesezeit":"1\u00a0Minute"},"schema":{"@context":"https:\/\/schema.org","@graph":[{"@type":"WebPage","@id":"https:\/\/www.waterjetsweden.com\/de\/nachrichten\/euroblech-messe-2024","url":"https:\/\/www.waterjetsweden.com\/de\/nachrichten\/euroblech-messe-2024","name":"EuroBLECH Messe 2024 - Water Jet Sweden - Deutschland","isPartOf":{"@id":"https:\/\/www.waterjetsweden.com\/de\/#website"},"datePublished":"2024-10-24T06:03:20+00:00","dateModified":"2024-10-24T06:03:20+00:00","author":{"@id":"https:\/\/www.waterjetsweden.com\/de\/#\/schema\/person\/6e1d27c9cb2842a3251dce274ca419bc"},"breadcrumb":{"@id":"https:\/\/www.waterjetsweden.com\/de\/nachrichten\/euroblech-messe-2024#breadcrumb"},"inLanguage":"de","potentialAction":[{"@type":"ReadAction","target":["https:\/\/www.waterjetsweden.com\/de\/nachrichten\/euroblech-messe-2024"]}]},{"@type":"BreadcrumbList","@id":"https:\/\/www.waterjetsweden.com\/de\/nachrichten\/euroblech-messe-2024#breadcrumb","itemListElement":[{"@type":"ListItem","position":1,"name":"Home","item":"https:\/\/www.waterjetsweden.com\/de\/"},{"@type":"ListItem","position":2,"name":"EuroBLECH Messe 2024"}]},{"@type":"WebSite","@id":"https:\/\/www.waterjetsweden.com\/de\/#website","url":"https:\/\/www.waterjetsweden.com\/de\/","name":"Water Jet Sweden - Deutschland","description":"","potentialAction":[{"@type":"SearchAction","target":{"@type":"EntryPoint","urlTemplate":"https:\/\/www.waterjetsweden.com\/de\/?s={search_term_string}"},"query-input":"required name=search_term_string"}],"inLanguage":"de"},{"@type":"Person","@id":"https:\/\/www.waterjetsweden.com\/de\/#\/schema\/person\/6e1d27c9cb2842a3251dce274ca419bc","name":"andreas","image":{"@type":"ImageObject","inLanguage":"de","@id":"https:\/\/www.waterjetsweden.com\/de\/#\/schema\/person\/image\/","url":"https:\/\/secure.gravatar.com\/avatar\/0500fbe71bab4be74f74393b89548a2e?s=96&d=mm&r=g","contentUrl":"https:\/\/secure.gravatar.com\/avatar\/0500fbe71bab4be74f74393b89548a2e?s=96&d=mm&r=g","caption":"andreas"}}]}},"_links":{"self":[{"href":"https:\/\/www.waterjetsweden.com\/de\/wp-json\/wp\/v2\/posts\/8047"}],"collection":[{"href":"https:\/\/www.waterjetsweden.com\/de\/wp-json\/wp\/v2\/posts"}],"about":[{"href":"https:\/\/www.waterjetsweden.com\/de\/wp-json\/wp\/v2\/types\/post"}],"author":[{"embeddable":true,"href":"https:\/\/www.waterjetsweden.com\/de\/wp-json\/wp\/v2\/users\/6"}],"replies":[{"embeddable":true,"href":"https:\/\/www.waterjetsweden.com\/de\/wp-json\/wp\/v2\/comments?post=8047"}],"version-history":[{"count":1,"href":"https:\/\/www.waterjetsweden.com\/de\/wp-json\/wp\/v2\/posts\/8047\/revisions"}],"predecessor-version":[{"id":8052,"href":"https:\/\/www.waterjetsweden.com\/de\/wp-json\/wp\/v2\/posts\/8047\/revisions\/8052"}],"wp:attachment":[{"href":"https:\/\/www.waterjetsweden.com\/de\/wp-json\/wp\/v2\/media?parent=8047"}],"wp:term":[{"taxonomy":"category","embeddable":true,"href":"https:\/\/www.waterjetsweden.com\/de\/wp-json\/wp\/v2\/categories?post=8047"},{"taxonomy":"post_tag","embeddable":true,"href":"https:\/\/www.waterjetsweden.com\/de\/wp-json\/wp\/v2\/tags?post=8047"}],"curies":[{"name":"wp","href":"https:\/\/api.w.org\/{rel}","templated":true}]}}