{"id":2047,"date":"2015-05-11T14:33:08","date_gmt":"2015-05-11T13:33:08","guid":{"rendered":"https:\/\/www.waterjetsweden.com\/de\/?p=2047"},"modified":"2017-12-15T11:02:42","modified_gmt":"2017-12-15T10:02:42","slug":"besuchen-sie-water-jet-sweden-auf-der-international-technical-fair-2015-in-belgrad","status":"publish","type":"post","link":"https:\/\/www.waterjetsweden.com\/de\/nachrichten\/besuchen-sie-water-jet-sweden-auf-der-international-technical-fair-2015-in-belgrad","title":{"rendered":"Besuchen Sie Water Jet Sweden auf der International Technical Fair 2015 in Belgrad"},"content":{"rendered":"<p>Water Jet Sweden ist seit mehr als 10 Jahren zur International Technical Fair zur\u00fcckgekehrt. Wir hei\u00dfen Sie vom 11.-14. Mai 2015 in Belgrad willkommen.<\/p>\n<p><a href=\"http:\/\/sajam.co.rs\/active\/sr-latin\/home\/details\/_params\/sajam_id\/68781.html\" target=\"_blank\" rel=\"noopener\">Lesen Sie mehr \u00fcber die Ausstellung<\/a><\/p>\n","protected":false},"excerpt":{"rendered":"<p>Water Jet Sweden ist seit mehr als 10 Jahren zur International Technical Fair zur\u00fcckgekehrt. Wir hei\u00dfen Sie vom 11.-14. Mai 2015 in Belgrad willkommen. Lesen Sie mehr \u00fcber die Ausstellung<\/p>\n","protected":false},"author":5,"featured_media":2048,"comment_status":"closed","ping_status":"open","sticky":false,"template":"","format":"image","meta":[],"categories":[1],"tags":[],"acf":[],"yoast_head":"<!-- This site is optimized with the Yoast SEO plugin v19.13 - https:\/\/yoast.com\/wordpress\/plugins\/seo\/ -->\n<title>Besuchen Sie Water Jet Sweden auf der International Technical Fair 2015 in Belgrad - Water Jet Sweden - Deutschland<\/title>\n<meta name=\"robots\" content=\"index, follow, max-snippet:-1, max-image-preview:large, max-video-preview:-1\" \/>\n<link rel=\"canonical\" href=\"https:\/\/www.waterjetsweden.com\/de\/nachrichten\/besuchen-sie-water-jet-sweden-auf-der-international-technical-fair-2015-in-belgrad\" \/>\n<meta property=\"og:locale\" content=\"de_DE\" \/>\n<meta property=\"og:type\" content=\"article\" \/>\n<meta property=\"og:title\" content=\"Besuchen Sie Water Jet Sweden auf der International Technical Fair 2015 in Belgrad - Water Jet Sweden - Deutschland\" \/>\n<meta property=\"og:description\" content=\"Water Jet Sweden ist seit mehr als 10 Jahren zur International Technical Fair zur\u00fcckgekehrt. Wir hei\u00dfen Sie vom 11.-14. Mai 2015 in Belgrad willkommen. Lesen Sie mehr \u00fcber die Ausstellung\" \/>\n<meta property=\"og:url\" content=\"https:\/\/www.waterjetsweden.com\/de\/nachrichten\/besuchen-sie-water-jet-sweden-auf-der-international-technical-fair-2015-in-belgrad\" \/>\n<meta property=\"og:site_name\" content=\"Water Jet Sweden - Deutschland\" \/>\n<meta property=\"article:published_time\" content=\"2015-05-11T13:33:08+00:00\" \/>\n<meta property=\"article:modified_time\" content=\"2017-12-15T10:02:42+00:00\" \/>\n<meta name=\"author\" content=\"mustasch\" \/>\n<meta name=\"twitter:card\" content=\"summary_large_image\" \/>\n<meta name=\"twitter:label1\" content=\"Verfasst von\" \/>\n\t<meta name=\"twitter:data1\" content=\"mustasch\" \/>\n<script type=\"application\/ld+json\" class=\"yoast-schema-graph\">{\"@context\":\"https:\/\/schema.org\",\"@graph\":[{\"@type\":\"WebPage\",\"@id\":\"https:\/\/www.waterjetsweden.com\/de\/nachrichten\/besuchen-sie-water-jet-sweden-auf-der-international-technical-fair-2015-in-belgrad\",\"url\":\"https:\/\/www.waterjetsweden.com\/de\/nachrichten\/besuchen-sie-water-jet-sweden-auf-der-international-technical-fair-2015-in-belgrad\",\"name\":\"Besuchen Sie Water Jet Sweden auf der International Technical Fair 2015 in Belgrad - Water Jet Sweden - Deutschland\",\"isPartOf\":{\"@id\":\"https:\/\/www.waterjetsweden.com\/de\/#website\"},\"datePublished\":\"2015-05-11T13:33:08+00:00\",\"dateModified\":\"2017-12-15T10:02:42+00:00\",\"author\":{\"@id\":\"https:\/\/www.waterjetsweden.com\/de\/#\/schema\/person\/b6a6565f0904dc524092350c47402c94\"},\"breadcrumb\":{\"@id\":\"https:\/\/www.waterjetsweden.com\/de\/nachrichten\/besuchen-sie-water-jet-sweden-auf-der-international-technical-fair-2015-in-belgrad#breadcrumb\"},\"inLanguage\":\"de\",\"potentialAction\":[{\"@type\":\"ReadAction\",\"target\":[\"https:\/\/www.waterjetsweden.com\/de\/nachrichten\/besuchen-sie-water-jet-sweden-auf-der-international-technical-fair-2015-in-belgrad\"]}]},{\"@type\":\"BreadcrumbList\",\"@id\":\"https:\/\/www.waterjetsweden.com\/de\/nachrichten\/besuchen-sie-water-jet-sweden-auf-der-international-technical-fair-2015-in-belgrad#breadcrumb\",\"itemListElement\":[{\"@type\":\"ListItem\",\"position\":1,\"name\":\"Home\",\"item\":\"https:\/\/www.waterjetsweden.com\/de\/\"},{\"@type\":\"ListItem\",\"position\":2,\"name\":\"Besuchen Sie Water Jet Sweden auf der International Technical Fair 2015 in Belgrad\"}]},{\"@type\":\"WebSite\",\"@id\":\"https:\/\/www.waterjetsweden.com\/de\/#website\",\"url\":\"https:\/\/www.waterjetsweden.com\/de\/\",\"name\":\"Water Jet Sweden - Deutschland\",\"description\":\"\",\"potentialAction\":[{\"@type\":\"SearchAction\",\"target\":{\"@type\":\"EntryPoint\",\"urlTemplate\":\"https:\/\/www.waterjetsweden.com\/de\/?s={search_term_string}\"},\"query-input\":\"required name=search_term_string\"}],\"inLanguage\":\"de\"},{\"@type\":\"Person\",\"@id\":\"https:\/\/www.waterjetsweden.com\/de\/#\/schema\/person\/b6a6565f0904dc524092350c47402c94\",\"name\":\"mustasch\",\"image\":{\"@type\":\"ImageObject\",\"inLanguage\":\"de\",\"@id\":\"https:\/\/www.waterjetsweden.com\/de\/#\/schema\/person\/image\/\",\"url\":\"https:\/\/secure.gravatar.com\/avatar\/2c7171c43a14c8c09262a8f6fc9b28c1?s=96&d=mm&r=g\",\"contentUrl\":\"https:\/\/secure.gravatar.com\/avatar\/2c7171c43a14c8c09262a8f6fc9b28c1?s=96&d=mm&r=g\",\"caption\":\"mustasch\"}}]}<\/script>\n<!-- \/ Yoast SEO plugin. -->","yoast_head_json":{"title":"Besuchen Sie Water Jet Sweden auf der International Technical Fair 2015 in Belgrad - Water Jet Sweden - Deutschland","robots":{"index":"index","follow":"follow","max-snippet":"max-snippet:-1","max-image-preview":"max-image-preview:large","max-video-preview":"max-video-preview:-1"},"canonical":"https:\/\/www.waterjetsweden.com\/de\/nachrichten\/besuchen-sie-water-jet-sweden-auf-der-international-technical-fair-2015-in-belgrad","og_locale":"de_DE","og_type":"article","og_title":"Besuchen Sie Water Jet Sweden auf der International Technical Fair 2015 in Belgrad - Water Jet Sweden - Deutschland","og_description":"Water Jet Sweden ist seit mehr als 10 Jahren zur International Technical Fair zur\u00fcckgekehrt. Wir hei\u00dfen Sie vom 11.-14. Mai 2015 in Belgrad willkommen. Lesen Sie mehr \u00fcber die Ausstellung","og_url":"https:\/\/www.waterjetsweden.com\/de\/nachrichten\/besuchen-sie-water-jet-sweden-auf-der-international-technical-fair-2015-in-belgrad","og_site_name":"Water Jet Sweden - Deutschland","article_published_time":"2015-05-11T13:33:08+00:00","article_modified_time":"2017-12-15T10:02:42+00:00","author":"mustasch","twitter_card":"summary_large_image","twitter_misc":{"Verfasst von":"mustasch"},"schema":{"@context":"https:\/\/schema.org","@graph":[{"@type":"WebPage","@id":"https:\/\/www.waterjetsweden.com\/de\/nachrichten\/besuchen-sie-water-jet-sweden-auf-der-international-technical-fair-2015-in-belgrad","url":"https:\/\/www.waterjetsweden.com\/de\/nachrichten\/besuchen-sie-water-jet-sweden-auf-der-international-technical-fair-2015-in-belgrad","name":"Besuchen Sie Water Jet Sweden auf der International Technical Fair 2015 in Belgrad - Water Jet Sweden - Deutschland","isPartOf":{"@id":"https:\/\/www.waterjetsweden.com\/de\/#website"},"datePublished":"2015-05-11T13:33:08+00:00","dateModified":"2017-12-15T10:02:42+00:00","author":{"@id":"https:\/\/www.waterjetsweden.com\/de\/#\/schema\/person\/b6a6565f0904dc524092350c47402c94"},"breadcrumb":{"@id":"https:\/\/www.waterjetsweden.com\/de\/nachrichten\/besuchen-sie-water-jet-sweden-auf-der-international-technical-fair-2015-in-belgrad#breadcrumb"},"inLanguage":"de","potentialAction":[{"@type":"ReadAction","target":["https:\/\/www.waterjetsweden.com\/de\/nachrichten\/besuchen-sie-water-jet-sweden-auf-der-international-technical-fair-2015-in-belgrad"]}]},{"@type":"BreadcrumbList","@id":"https:\/\/www.waterjetsweden.com\/de\/nachrichten\/besuchen-sie-water-jet-sweden-auf-der-international-technical-fair-2015-in-belgrad#breadcrumb","itemListElement":[{"@type":"ListItem","position":1,"name":"Home","item":"https:\/\/www.waterjetsweden.com\/de\/"},{"@type":"ListItem","position":2,"name":"Besuchen Sie Water Jet Sweden auf der International Technical Fair 2015 in Belgrad"}]},{"@type":"WebSite","@id":"https:\/\/www.waterjetsweden.com\/de\/#website","url":"https:\/\/www.waterjetsweden.com\/de\/","name":"Water Jet Sweden - Deutschland","description":"","potentialAction":[{"@type":"SearchAction","target":{"@type":"EntryPoint","urlTemplate":"https:\/\/www.waterjetsweden.com\/de\/?s={search_term_string}"},"query-input":"required name=search_term_string"}],"inLanguage":"de"},{"@type":"Person","@id":"https:\/\/www.waterjetsweden.com\/de\/#\/schema\/person\/b6a6565f0904dc524092350c47402c94","name":"mustasch","image":{"@type":"ImageObject","inLanguage":"de","@id":"https:\/\/www.waterjetsweden.com\/de\/#\/schema\/person\/image\/","url":"https:\/\/secure.gravatar.com\/avatar\/2c7171c43a14c8c09262a8f6fc9b28c1?s=96&d=mm&r=g","contentUrl":"https:\/\/secure.gravatar.com\/avatar\/2c7171c43a14c8c09262a8f6fc9b28c1?s=96&d=mm&r=g","caption":"mustasch"}}]}},"_links":{"self":[{"href":"https:\/\/www.waterjetsweden.com\/de\/wp-json\/wp\/v2\/posts\/2047"}],"collection":[{"href":"https:\/\/www.waterjetsweden.com\/de\/wp-json\/wp\/v2\/posts"}],"about":[{"href":"https:\/\/www.waterjetsweden.com\/de\/wp-json\/wp\/v2\/types\/post"}],"author":[{"embeddable":true,"href":"https:\/\/www.waterjetsweden.com\/de\/wp-json\/wp\/v2\/users\/5"}],"replies":[{"embeddable":true,"href":"https:\/\/www.waterjetsweden.com\/de\/wp-json\/wp\/v2\/comments?post=2047"}],"version-history":[{"count":0,"href":"https:\/\/www.waterjetsweden.com\/de\/wp-json\/wp\/v2\/posts\/2047\/revisions"}],"wp:featuredmedia":[{"embeddable":true,"href":"https:\/\/www.waterjetsweden.com\/de\/wp-json\/"}],"wp:attachment":[{"href":"https:\/\/www.waterjetsweden.com\/de\/wp-json\/wp\/v2\/media?parent=2047"}],"wp:term":[{"taxonomy":"category","embeddable":true,"href":"https:\/\/www.waterjetsweden.com\/de\/wp-json\/wp\/v2\/categories?post=2047"},{"taxonomy":"post_tag","embeddable":true,"href":"https:\/\/www.waterjetsweden.com\/de\/wp-json\/wp\/v2\/tags?post=2047"}],"curies":[{"name":"wp","href":"https:\/\/api.w.org\/{rel}","templated":true}]}}